{"id":12123,"date":"2021-09-08T14:39:50","date_gmt":"2021-09-08T14:39:50","guid":{"rendered":"https:\/\/hac.is\/?p=12123"},"modified":"2021-09-08T14:39:50","modified_gmt":"2021-09-08T14:39:50","slug":"samfelag-margbreytileikans","status":"publish","type":"post","link":"https:\/\/hac.is\/en\/2021\/09\/08\/samfelag-margbreytileikans\/","title":{"rendered":"Society of diversity"},"content":{"rendered":"<p>Ingibj\u00f6rg Benediktsd\u00f3ttir from \u00deekkingarneti\u00f0 and Sigr\u00fan Bj\u00f6rg A\u00f0algeirsd\u00f3ttir, intercultural officer for Nor\u00f0ur\u00feing, attended a course together organised by the Intercultural Centre, which was held in Reykjav\u00edk on 2-3 September. The Centre for Multiculturalism&#x27;s role is to facilitate communication between people of different backgrounds and to enhance services for immigrants residing in Iceland. In the 2018-2024 Regional Development Plan, there is action A.13, which is a project called <em>Local services for immigrants<\/em> and the implementers of that plan are the Multicultural Centre and the Centre for Continuing Education, which states that it shall provide education and training to strengthen the staff of the state and local authorities to offer specialist assistance and support in matters concerning immigrants.<\/p>\n<p>The course that Ingibj\u00f6rg and Sigr\u00fan attended is called <em>Diversity enriches the dialogue on good service in a diverse society. <\/em>They received training and practice in teaching such a course.<em>. <\/em>The plan is to teach this course next winter at Thekkningarneti\u00f0, and the two sisters will be in charge of the teaching.<\/p>\n<p>We hope that local authorities and organisations will be interested in sending their staff to the course.<\/p>","protected":false},"excerpt":{"rendered":"<p>Ingibj\u00f6rg Benediktsd\u00f3ttir hj\u00e1 \u00deekkingarnetinu og Sigr\u00fan Bj\u00f6rg A\u00f0algeirsd\u00f3ttir fj\u00f6lmenningarfulltr\u00fai Nor\u00f0ur\u00feings f\u00f3ru saman \u00e1 n\u00e1mskei\u00f0 \u00e1 vegum Fj\u00f6lmenningarseturs sem haldi\u00f0 var \u00ed Reykjav\u00edk dagana 2.-3. september. Fj\u00f6lmenningarsetur hefur \u00fea\u00f0 hlutverk a\u00f0 grei\u00f0a fyrir samskiptum f\u00f3lks af \u00f3l\u00edkum uppruna og efla \u00fej\u00f3nustu vi\u00f0 innflytjendur sem b\u00fasettir eru \u00e1 \u00cdslandi. \u00cd Bygg\u00f0a\u00e1\u00e6tlun 2018-2024 er a\u00f0ger\u00f0 A.13 sem er [&hellip;]<\/p>\n","protected":false},"author":2,"featured_media":12126,"comment_status":"closed","ping_status":"open","sticky":false,"template":"","format":"standard","meta":{"_acf_changed":false,"nf_dc_page":"","footnotes":""},"categories":[6],"tags":[],"class_list":["post-12123","post","type-post","status-publish","format-standard","has-post-thumbnail","hentry","category-frettir"],"acf":[],"_links":{"self":[{"href":"https:\/\/hac.is\/en\/wp-json\/wp\/v2\/posts\/12123","targetHints":{"allow":["GET"]}}],"collection":[{"href":"https:\/\/hac.is\/en\/wp-json\/wp\/v2\/posts"}],"about":[{"href":"https:\/\/hac.is\/en\/wp-json\/wp\/v2\/types\/post"}],"author":[{"embeddable":true,"href":"https:\/\/hac.is\/en\/wp-json\/wp\/v2\/users\/2"}],"replies":[{"embeddable":true,"href":"https:\/\/hac.is\/en\/wp-json\/wp\/v2\/comments?post=12123"}],"version-history":[{"count":0,"href":"https:\/\/hac.is\/en\/wp-json\/wp\/v2\/posts\/12123\/revisions"}],"wp:attachment":[{"href":"https:\/\/hac.is\/en\/wp-json\/wp\/v2\/media?parent=12123"}],"wp:term":[{"taxonomy":"category","embeddable":true,"href":"https:\/\/hac.is\/en\/wp-json\/wp\/v2\/categories?post=12123"},{"taxonomy":"post_tag","embeddable":true,"href":"https:\/\/hac.is\/en\/wp-json\/wp\/v2\/tags?post=12123"}],"curies":[{"name":"WordPress","href":"https:\/\/api.w.org\/{rel}","templated":true}]}}