{"id":12123,"date":"2021-09-08T14:39:50","date_gmt":"2021-09-08T14:39:50","guid":{"rendered":"https:\/\/hac.is\/?p=12123"},"modified":"2021-09-08T14:39:50","modified_gmt":"2021-09-08T14:39:50","slug":"samfelag-margbreytileikans","status":"publish","type":"post","link":"https:\/\/hac.is\/pl\/2021\/09\/08\/samfelag-margbreytileikans\/","title":{"rendered":"Spo\u0142ecze\u0144stwo r\u00f3\u017cnorodno\u015bci"},"content":{"rendered":"<p>Ingibj\u00f6rg Benediktsd\u00f3ttir z \u00deekkingarneti\u00f0 oraz Sigr\u00fan Bj\u00f6rg A\u00f0algeirsd\u00f3ttir, koordynatorka ds. mi\u0119dzykulturowych w Nor\u00f0ur\u00feing, wzi\u0119\u0142y wsp\u00f3lnie udzia\u0142 w kursie zorganizowanym przez Centrum Mi\u0119dzykulturowe, kt\u00f3ry odby\u0142 si\u0119 w Reykjav\u00edku w dniach 2\u20133 wrze\u015bnia. Zadaniem Centrum Wielokulturowo\u015bci jest u\u0142atwianie komunikacji mi\u0119dzy osobami z r\u00f3\u017cnych \u015brodowisk oraz poprawa jako\u015bci us\u0142ug dla imigrant\u00f3w mieszkaj\u0105cych na Islandii. W Regionalnym Planie Rozwoju na lata 2018\u20132024 znajduje si\u0119 dzia\u0142anie A.13, kt\u00f3re jest projektem o nazwie <em>Lokalne us\u0142ugi dla imigrant\u00f3w<\/em> A podmiotami odpowiedzialnymi za realizacj\u0119 tego planu s\u0105 Centrum Wielokulturowe oraz Centrum Kszta\u0142cenia Ustawicznego, kt\u00f3re deklaruje, \u017ce b\u0119dzie zapewnia\u0107 edukacj\u0119 i szkolenia maj\u0105ce na celu wzmocnienie kadr administracji krajowej i samorz\u0105dowej, tak aby mog\u0142y one oferowa\u0107 specjalistyczn\u0105 pomoc i wsparcie w sprawach imigracyjnych.<\/p>\n<p>Kurs, w kt\u00f3rym uczestniczy\u0142y Ingibj\u00f6rg i Sigr\u00fan, nosi nazw\u0119 <em>R\u00f3\u017cnorodno\u015b\u0107 wzbogaca dialog na temat wysokiej jako\u015bci us\u0142ug w zr\u00f3\u017cnicowanym spo\u0142ecze\u0144stwie. <\/em>Przeszli szkolenie i odbyli praktyk\u0119 w zakresie prowadzenia takiego kursu.<em>. <\/em>Planujemy poprowadzi\u0107 ten kurs zim\u0105 przysz\u0142ego roku w Thekkningarneti\u00f0, a zaj\u0119cia poprowadz\u0105 dwie siostry.<\/p>\n<p>Mamy nadziej\u0119, \u017ce lokalne w\u0142adze i organizacje b\u0119d\u0105 zainteresowane wys\u0142aniem swoich pracownik\u00f3w na to szkolenie.<\/p>","protected":false},"excerpt":{"rendered":"<p>Ingibj\u00f6rg Benediktsd\u00f3ttir hj\u00e1 \u00deekkingarnetinu og Sigr\u00fan Bj\u00f6rg A\u00f0algeirsd\u00f3ttir fj\u00f6lmenningarfulltr\u00fai Nor\u00f0ur\u00feings f\u00f3ru saman \u00e1 n\u00e1mskei\u00f0 \u00e1 vegum Fj\u00f6lmenningarseturs sem haldi\u00f0 var \u00ed Reykjav\u00edk dagana 2.-3. september. Fj\u00f6lmenningarsetur hefur \u00fea\u00f0 hlutverk a\u00f0 grei\u00f0a fyrir samskiptum f\u00f3lks af \u00f3l\u00edkum uppruna og efla \u00fej\u00f3nustu vi\u00f0 innflytjendur sem b\u00fasettir eru \u00e1 \u00cdslandi. \u00cd Bygg\u00f0a\u00e1\u00e6tlun 2018-2024 er a\u00f0ger\u00f0 A.13 sem er [&hellip;]<\/p>\n","protected":false},"author":2,"featured_media":12126,"comment_status":"closed","ping_status":"open","sticky":false,"template":"","format":"standard","meta":{"_acf_changed":false,"nf_dc_page":"","footnotes":""},"categories":[6],"tags":[],"class_list":["post-12123","post","type-post","status-publish","format-standard","has-post-thumbnail","hentry","category-frettir"],"acf":[],"_links":{"self":[{"href":"https:\/\/hac.is\/pl\/wp-json\/wp\/v2\/posts\/12123","targetHints":{"allow":["GET"]}}],"collection":[{"href":"https:\/\/hac.is\/pl\/wp-json\/wp\/v2\/posts"}],"about":[{"href":"https:\/\/hac.is\/pl\/wp-json\/wp\/v2\/types\/post"}],"author":[{"embeddable":true,"href":"https:\/\/hac.is\/pl\/wp-json\/wp\/v2\/users\/2"}],"replies":[{"embeddable":true,"href":"https:\/\/hac.is\/pl\/wp-json\/wp\/v2\/comments?post=12123"}],"version-history":[{"count":0,"href":"https:\/\/hac.is\/pl\/wp-json\/wp\/v2\/posts\/12123\/revisions"}],"wp:attachment":[{"href":"https:\/\/hac.is\/pl\/wp-json\/wp\/v2\/media?parent=12123"}],"wp:term":[{"taxonomy":"category","embeddable":true,"href":"https:\/\/hac.is\/pl\/wp-json\/wp\/v2\/categories?post=12123"},{"taxonomy":"post_tag","embeddable":true,"href":"https:\/\/hac.is\/pl\/wp-json\/wp\/v2\/tags?post=12123"}],"curies":[{"name":"WordPress","href":"https:\/\/api.w.org\/{rel}","templated":true}]}}