{"id":24508,"date":"2026-08-31T10:57:25","date_gmt":"2026-08-31T10:57:25","guid":{"rendered":"https:\/\/hac.is\/?p=24508"},"modified":"2026-09-02T11:36:24","modified_gmt":"2026-09-02T11:36:24","slug":"arsfundur-samtaka-thekkingarsetra","status":"publish","type":"post","link":"https:\/\/hac.is\/pl\/2026\/08\/31\/arsfundur-samtaka-thekkingarsetra\/","title":{"rendered":"Walne Zgromadzenie Stowarzyszenia O\u015brodk\u00f3w Wiedzy"},"content":{"rendered":"<p class=\"wp-block-paragraph\">26 sierpnia na Wyspach Westman odby\u0142o si\u0119 coroczne spotkanie Stowarzyszenia O\u015brodk\u00f3w Wiedzy. W spotkaniu wzi\u0119li udzia\u0142 przedstawiciele wszystkich o\u015brodk\u00f3w wiedzy nale\u017c\u0105cych do stowarzyszenia, a wyspy prezentowa\u0142y si\u0119 najpi\u0119kniej dzi\u0119ki wspania\u0142ej pogodzie. Program spotkania obejmowa\u0142 mi\u0119dzy innymi podsumowanie r\u00f3\u017cnorodnych dzia\u0142a\u0144 z up\u0142ywaj\u0105cego roku, a tak\u017ce szczeg\u00f3lny nacisk na wsp\u00f3lne projekty i mo\u017cliwo\u015bci dalszej wsp\u00f3\u0142pracy. W programie znalaz\u0142 si\u0119 r\u00f3wnie\u017c wyk\u0142ad edukacyjny Grettira J\u00f3hannessona zatytu\u0142owany \u201eCzy przysz\u0142o\u015b\u0107 ju\u017c nadesz\u0142a?\u201c, w kt\u00f3rym om\u00f3wi\u0142 on szybki post\u0119p w dziedzinie sztucznej inteligencji oraz jego aktualny wp\u0142yw na spo\u0142ecze\u0144stwo i rynek pracy.<\/p>\n\n\n\n<p class=\"wp-block-paragraph\">Opr\u00f3cz spotka\u0144 na Wyspach Westmana uczestnicy mieli okazj\u0119 lepiej pozna\u0107 ten region oraz zmiany zachodz\u0105ce w tutejszym \u017cyciu gospodarczym. H\u00f6r\u00f0ur zaprezentowa\u0142 dzia\u0142alno\u015b\u0107 Centrum Wiedzy w Vestmannaeyjar, a tak\u017ce zorganizowano wycieczk\u0119 z przewodnikiem po wyspach. Dowiedzieli\u015bmy si\u0119 mi\u0119dzy innymi o innowacjach w po\u0142owach krab\u00f3w oraz w turystyce.<br><br>Spotkanie by\u0142o zar\u00f3wno przyjemne, jak i po\u017cyteczne, dlatego te\u017c serdecznie dzi\u0119kujemy Centrum Wiedzy w Vestmannaeyjar za ciep\u0142e przyj\u0119cie i znakomity program.<\/p>\n\n\n\n<div class=\"wp-block-columns is-layout-flex wp-container-core-columns-is-layout-7387b849 wp-block-columns-is-layout-flex\">\n<div class=\"wp-block-column is-layout-flow wp-block-column-is-layout-flow\">\n<figure class=\"wp-block-image size-large\"><img fetchpriority=\"high\" decoding=\"async\" width=\"900\" height=\"1200\" src=\"https:\/\/hac.is\/wp-content\/uploads\/2026\/09\/batsferd-eyjar-900x1200.jpg\" alt=\"\" class=\"wp-image-24509\" srcset=\"https:\/\/hac.is\/wp-content\/uploads\/2026\/09\/batsferd-eyjar-900x1200.jpg 900w, https:\/\/hac.is\/wp-content\/uploads\/2026\/09\/batsferd-eyjar-375x500.jpg 375w, https:\/\/hac.is\/wp-content\/uploads\/2026\/09\/batsferd-eyjar-225x300.jpg 225w, https:\/\/hac.is\/wp-content\/uploads\/2026\/09\/batsferd-eyjar-768x1024.jpg 768w, https:\/\/hac.is\/wp-content\/uploads\/2026\/09\/batsferd-eyjar-1152x1536.jpg 1152w, https:\/\/hac.is\/wp-content\/uploads\/2026\/09\/batsferd-eyjar-9x12.jpg 9w, https:\/\/hac.is\/wp-content\/uploads\/2026\/09\/batsferd-eyjar.jpg 1536w\" sizes=\"(max-width: 900px) 100vw, 900px\" \/><\/figure>\n<\/div>\n\n\n\n<div class=\"wp-block-column is-layout-flow wp-block-column-is-layout-flow\">\n<figure class=\"wp-block-image size-large\"><img decoding=\"async\" width=\"900\" height=\"1200\" src=\"https:\/\/hac.is\/wp-content\/uploads\/2026\/09\/krabbagildra-900x1200.jpg\" alt=\"\" class=\"wp-image-24512\" srcset=\"https:\/\/hac.is\/wp-content\/uploads\/2026\/09\/krabbagildra-900x1200.jpg 900w, https:\/\/hac.is\/wp-content\/uploads\/2026\/09\/krabbagildra-375x500.jpg 375w, https:\/\/hac.is\/wp-content\/uploads\/2026\/09\/krabbagildra-225x300.jpg 225w, https:\/\/hac.is\/wp-content\/uploads\/2026\/09\/krabbagildra-768x1024.jpg 768w, https:\/\/hac.is\/wp-content\/uploads\/2026\/09\/krabbagildra-1152x1536.jpg 1152w, https:\/\/hac.is\/wp-content\/uploads\/2026\/09\/krabbagildra-1536x2048.jpg 1536w, https:\/\/hac.is\/wp-content\/uploads\/2026\/09\/krabbagildra-9x12.jpg 9w, https:\/\/hac.is\/wp-content\/uploads\/2026\/09\/krabbagildra-scaled.jpg 1920w\" sizes=\"(max-width: 900px) 100vw, 900px\" \/><\/figure>\n<\/div>\n<\/div>\n\n\n\n<p class=\"wp-block-paragraph\"><em>Stowarzyszenie O\u015brodk\u00f3w Wiedzy jest organizacj\u0105 zrzeszaj\u0105c\u0105 instytucje prowadz\u0105ce dzia\u0142alno\u015b\u0107 badawcz\u0105, innowacyjn\u0105 oraz \u015bwiadcz\u0105ce us\u0142ugi akademickie w regionach kraju. O\u015brodki te dzia\u0142aj\u0105 w ramach s\u0142u\u017cby publicznej na podstawie um\u00f3w i z jasno okre\u015blonymi zadaniami we wsp\u00f3\u0142pracy z Ministerstwem ds. Uczelni, Przemys\u0142u i Innowacji. Celem stowarzyszenia jest wzmocnienie wsp\u00f3\u0142pracy mi\u0119dzy o\u015brodkami wiedzy w regionach oraz ochrona ich wsp\u00f3lnych interes\u00f3w.<\/em><\/p>\n\n\n\n<p class=\"wp-block-paragraph\"><\/p>","protected":false},"excerpt":{"rendered":"<p>\u00c1rsfundur Samtaka \u00feekkingarsetra var haldinn \u00ed Vestmannaeyjum \u00feann 26. \u00e1g\u00fast s\u00ed\u00f0astli\u00f0inn. Fulltr\u00faar allra \u00feekkingarsetra innan samtakanna m\u00e6ttu \u00e1 fundinn og eyjarnar sk\u00f6rtu\u00f0u s\u00ednu fegursta \u00ed bl\u00ed\u00f0unni. \u00c1 dagskr\u00e1 fundar var m.a. fj\u00f6lbreytt starfsemi \u00e1rsins auk \u00feess sem fari\u00f0 var s\u00e9rstaklega yfir sameiginleg verkefni og t\u00e6kif\u00e6ri til \u00e1framhaldandi samstarfs. \u00c1 dagskr\u00e1 fundarins var einnig fr\u00e6\u00f0sluerindi fr\u00e1 [&hellip;]<\/p>\n","protected":false},"author":10,"featured_media":24511,"comment_status":"closed","ping_status":"","sticky":false,"template":"","format":"standard","meta":{"_acf_changed":false,"nf_dc_page":"","footnotes":""},"categories":[6],"tags":[],"class_list":["post-24508","post","type-post","status-publish","format-standard","has-post-thumbnail","hentry","category-frettir"],"acf":[],"_links":{"self":[{"href":"https:\/\/hac.is\/pl\/wp-json\/wp\/v2\/posts\/24508","targetHints":{"allow":["GET"]}}],"collection":[{"href":"https:\/\/hac.is\/pl\/wp-json\/wp\/v2\/posts"}],"about":[{"href":"https:\/\/hac.is\/pl\/wp-json\/wp\/v2\/types\/post"}],"author":[{"embeddable":true,"href":"https:\/\/hac.is\/pl\/wp-json\/wp\/v2\/users\/10"}],"replies":[{"embeddable":true,"href":"https:\/\/hac.is\/pl\/wp-json\/wp\/v2\/comments?post=24508"}],"version-history":[{"count":3,"href":"https:\/\/hac.is\/pl\/wp-json\/wp\/v2\/posts\/24508\/revisions"}],"predecessor-version":[{"id":24516,"href":"https:\/\/hac.is\/pl\/wp-json\/wp\/v2\/posts\/24508\/revisions\/24516"}],"wp:featuredmedia":[{"embeddable":true,"href":"https:\/\/hac.is\/pl\/wp-json\/wp\/v2\/media\/24511"}],"wp:attachment":[{"href":"https:\/\/hac.is\/pl\/wp-json\/wp\/v2\/media?parent=24508"}],"wp:term":[{"taxonomy":"category","embeddable":true,"href":"https:\/\/hac.is\/pl\/wp-json\/wp\/v2\/categories?post=24508"},{"taxonomy":"post_tag","embeddable":true,"href":"https:\/\/hac.is\/pl\/wp-json\/wp\/v2\/tags?post=24508"}],"curies":[{"name":"WordPress","href":"https:\/\/api.w.org\/{rel}","templated":true}]}}